{"id":31279,"date":"2018-01-10T08:48:00","date_gmt":"2018-01-10T05:48:00","guid":{"rendered":"https:\/\/www.nevitaint.com\/working-permission\/"},"modified":"2021-10-28T10:32:19","modified_gmt":"2021-10-28T07:32:19","slug":"turkiyede-yabanci-calisma-izni","status":"publish","type":"post","link":"https:\/\/www.nevitaint.com\/tr\/blog\/turkiyede-yabanci-calisma-izni\/","title":{"rendered":"T\u00fcrkiye&#8217;de Yabanc\u0131 \u00c7al\u0131\u015fma \u0130zni"},"content":{"rendered":"\r\n<p>T\u00fcrkiye&#8217;de bir yabanc\u0131 olarak \u00e7al\u0131\u015fmak istiyorsan\u0131z \u00e7al\u0131\u015fma iznine ba\u015fvurman\u0131z gerekir. 6458 say\u0131l\u0131 Yabanc\u0131lar ve Uluslararas\u0131 Koruma Kanunun 27\u2019nci maddesi uyar\u0131nca ge\u00e7erli \u00e7al\u0131\u015fma izinleri ayn\u0131 zamanda ikamet izni yerine ge\u00e7mektedir.<\/p>\r\n\r\n\r\n\r\n<h2 id=\"block-dcae319d-489f-4bec-a6ac-e241a46984e6\">T\u00fcrkiye&#8217;de \u00c7al\u0131\u015fma \u0130zinleri T\u00fcrleri<\/h2>\r\n\r\n\r\n\r\n<p>T\u00fcrkiye&#8217;de yabanc\u0131lar i\u00e7in 4 farkl\u0131 \u00e7al\u0131\u015fma izni t\u00fcr\u00fc bulunmaktad\u0131r:<\/p>\r\n\r\n\r\n\r\n<ol>\r\n<li><strong>S\u00fcreli \u00c7al\u0131\u015fma \u0130zni<\/strong><\/li>\r\n<\/ol>\r\n\r\n\r\n\r\n<p>S\u00fcreli \u00e7al\u0131\u015fma izni en yayg\u0131n olanlar\u0131d\u0131r. Yabanc\u0131n\u0131n\u00a0belirli bir i\u015fyeri ve belirli bir meslekte \u00e7al\u0131\u015fabilmesi i\u00e7in maksimum 1 y\u0131l ge\u00e7erli olmak \u00fczere verilir.\u00a0S\u00fcreli \u00e7al\u0131\u015fma izni her y\u0131l yenilenebilir.<\/p>\r\n\r\n\r\n\r\n<p>Ki\u015fi 1 y\u0131ll\u0131k kanuni \u00e7al\u0131\u015fma s\u00fcresini doldurduktan sonra, ayn\u0131 i\u015fyeri ve ayn\u0131 meslekte \u00e7al\u0131\u015fmak \u00fczere \u00e7al\u0131\u015fma izninin s\u00fcresini 3 y\u0131la kadar uzat\u0131labilir.<\/p>\r\n\r\n\r\n\r\n<p>Ki\u015fi 3 y\u0131ll\u0131k kanuni \u00e7al\u0131\u015fma s\u00fcresini doldurduktan sonra, ayn\u0131 i\u015fyeri ve ayn\u0131 meslekte \u00e7al\u0131\u015fmak \u00fczere \u00e7al\u0131\u015fma izninin s\u00fcresini 6 y\u0131la kadar uzat\u0131labilir.\u00a0Ancak i\u015fvereniniz de\u011fi\u015firse s\u00f6zle\u015fmeniz yenilenmeyecek veya uzat\u0131lmayacakt\u0131r.<\/p>\r\n\r\n\r\n\r\n<p>T\u00fcrkiye\u2019ye \u00e7al\u0131\u015fmak i\u00e7in gelen bir yabanc\u0131n\u0131n beraberinde veya daha sonra getirmi\u015f oldu\u011fu e\u015f ve bakmakla y\u00fck\u00fcml\u00fc oldu\u011fu \u00e7ocuklar\u0131na da, yabanc\u0131n\u0131n kendisi ile birlikte en az 5 y\u0131l\u00a0kanuni ve kesintisiz ikamet etmi\u015f olmalar\u0131 kayd\u0131yla\u00a0s\u00fcreli \u00e7al\u0131\u015fma izni verilebilir.<\/p>\r\n\r\n\r\n\r\n<p><strong>2. S\u00fcresiz \u00c7al\u0131\u015fma \u0130zni<\/strong><\/p>\r\n\r\n\r\n\r\n<p>T\u00fcrkiye\u2019de en az 8 y\u0131l kanuni ve kesintisiz ikamet eden veya toplam 8 y\u0131ll\u0131k kanuni \u00e7al\u0131\u015fmas\u0131 olan yabanc\u0131lara s\u00fcresiz \u00e7al\u0131\u015fma izni verilir. S\u00fcresiz \u00e7al\u0131\u015fma izni alan yabanc\u0131n\u0131n \u00e7al\u0131\u015ft\u0131\u011f\u0131 i\u015fyerinin veya i\u015fyeri adresinin de\u011fi\u015fmesi halinde, Kanunun 18 inci maddesi uyar\u0131nca en ge\u00e7 15 g\u00fcn i\u00e7erisinde durum \u00c7al\u0131\u015fma ve Sosyal G\u00fcvenlik Bakanl\u0131\u011f\u0131&#8217;na bildirilmelidir.<\/p>\r\n\r\n\r\n\r\n<p>6458 say\u0131l\u0131 Kanunun 44\u00fcnc\u00fc maddesine g\u00f6re, S\u00fcresiz \u00e7al\u0131\u015fma izni alan yabanc\u0131lar uzun d\u00f6nem ikamet izninin sa\u011flad\u0131\u011f\u0131 t\u00fcm haklardan da yararlanabilirler.<\/p>\r\n\r\n\r\n\r\n<p><strong>3. Ba\u011f\u0131ms\u0131z \u00c7al\u0131\u015fma \u0130zni<\/strong><\/p>\r\n\r\n\r\n\r\n<p>Ba\u011f\u0131ms\u0131z \u00e7al\u0131\u015fma izni, profesyonel meslek mensubu yabanc\u0131lara, di\u011fer kanunlarda belirtilen \u00f6zel \u015fartlar\u0131n sa\u011flanmas\u0131 kayd\u0131yla ve; T\u00fcrkiye\u2019de en az 8 y\u0131l kesintisiz ve yasal olarak ikamet etmi\u015f olmalar\u0131, yapacaklar\u0131n\u0131 belirttikleri \u00e7al\u0131\u015fmalar\u0131n\u0131n ekonomik kalk\u0131nma a\u00e7\u0131s\u0131ndan katma de\u011fer yaratmas\u0131 ve istihdam yaratmas\u0131 ko\u015fulu ile verilmektedir.<\/p>\r\n\r\n\r\n\r\n<p>Ba\u011f\u0131ms\u0131z \u00e7al\u0131\u015fma izni ile s\u00fcresiz \u00e7al\u0131\u015fma izni aras\u0131ndaki ana fark; ba\u011f\u0131ms\u0131z \u00e7al\u0131\u015fma izni sahibine kendi \u015firketini veya i\u015f yerini yasal olarak T\u00fcrkiye&#8217;de a\u00e7mas\u0131n\u0131 olanak sa\u011flar.<\/p>\r\n\r\n\r\n\r\n<p>Serbest meslek sahibi olarak, ba\u015fvurunuz a\u015fa\u011f\u0131daki fakt\u00f6rlere g\u00f6re incelenecektir:<\/p>\r\n\r\n\r\n\r\n<ul>\r\n<li>E\u011fitim ge\u00e7mi\u015finiz<\/li>\r\n<li>Profesyonel becerileriniz ve uzmanl\u0131klar\u0131n\u0131z<\/li>\r\n<li>Bilimsel ve teknolojik katk\u0131lar\u0131n\u0131z<\/li>\r\n<li>\u00dclke ekonomisine katk\u0131n\u0131z<\/li>\r\n<li>Yabanc\u0131 bir firma sahibiyseniz, T\u00fcrkiye&#8217;deki sermaye yat\u0131r\u0131m\u0131n\u0131z<\/li>\r\n<\/ul>\r\n\r\n\r\n\r\n<p><em>Not: T\u00fcrkiye&#8217;de hissedar veya y\u00f6netim kurulu \u00fcyesi olarak \u00e7al\u0131\u015f\u0131yorsan\u0131z, \u00e7al\u0131\u015fma iznine ba\u015fvurman\u0131z gerekir.<\/em><\/p>\r\n\r\n\r\n\r\n<p><strong>4. Turkuaz Kart<\/strong><\/p>\r\n\r\n\r\n\r\n<p>2017 y\u0131l\u0131nda y\u00fcr\u00fcrl\u00fc\u011fe giren Turkuaz Kart ilk olarak 3 y\u0131ll\u0131k ge\u00e7i\u015f s\u00fcresi belirlenerek verilmektedir. Bu 3 y\u0131ll\u0131k ge\u00e7i\u015f s\u00fcresi i\u00e7inde kart sahibi T\u00fcrkiye d\u0131\u015f\u0131nda bakanl\u0131k\u00e7a belirlenen s\u00fcreden daha fazla bir s\u00fcre kalmaz ve kart iptal edilmezse, ge\u00e7i\u015f s\u00fcresi kayd\u0131 kart sahibinin ba\u015fvurusu ile kald\u0131r\u0131l\u0131r ve s\u00fcresiz kart verilir. Kart sahipleri s\u00fcresiz \u00e7al\u0131\u015fma iznine sahip yabanc\u0131lar\u0131n T\u00fcrkiye\u2019de sahip oldu\u011fu t\u00fcm haklarda yararlanabilirler.<\/p>\r\n\r\n\r\n\r\n<p>Kart sahibi olmaya hak kazanan yabanc\u0131 ki\u015filerin e\u015f ve bakmakla y\u00fck\u00fcml\u00fc oldu\u011fu \u00e7ocuklar\u0131 i\u00e7in ikamet izni hakk\u0131n\u0131 sa\u011flar.<\/p>\r\n\r\n\r\n\r\n<p><strong>Turkuaz Karta Kimler Ba\u015fvurabilir?<\/strong><\/p>\r\n\r\n\r\n\r\n<ul>\r\n<li>Y\u00fcksek nitelikli i\u015f g\u00fcc\u00fc olabilecek e\u011fitim, \u00fccret, deneyim ve mesleki bilgi, bilim ve teknolojiye katk\u0131 gibi niteliklere sahip olan ki\u015filer,<\/li>\r\n<li>Y\u00fcksek nitelikli yat\u0131r\u0131mc\u0131 olabilecek yat\u0131r\u0131m ve ihracat d\u00fczeyi ile istihdam b\u00fcy\u00fckl\u00fc\u011f\u00fcne sahip olan ve teknolojik ve bilimsel geli\u015fmeye katk\u0131 sa\u011flayabilen ki\u015filer,<\/li>\r\n<li>Bilim, teknoloji ve sanayi gibi alanlarda uluslararas\u0131 ba\u015far\u0131lara sahip olan ve \u00fclke menfaatleri i\u00e7in yararl\u0131 olaca\u011f\u0131 kabul edilen bilim insan\u0131 ya da ara\u015ft\u0131rmac\u0131lar,<\/li>\r\n<li>K\u00fclt\u00fcrel, sanat ya da sportif faaliyetler a\u00e7\u0131s\u0131ndan uluslararas\u0131 d\u00fczeyde ba\u015far\u0131l\u0131 olan ki\u015filer,<\/li>\r\n<li>T\u00fcrkiye Cumhuriyeti\u2019nin tan\u0131n\u0131rl\u0131\u011f\u0131 ve milli menfaatleri ile ilgili konularda T\u00fcrk k\u00fclt\u00fcr\u00fcn\u00fcn yarar\u0131na olacak \u015fekilde uluslararas\u0131 alanda faaliyetlerde bulunan ki\u015filer\u00a0Turkuaz Kart\u00a0sahibi olabilirler.<\/li>\r\n<\/ul>\r\n\r\n\r\n\r\n<h3>\u00c7al\u0131\u015fma \u0130zni Ba\u015fvurusu \u0130\u00e7in Gerekli Belgeler<\/h3>\r\n\r\n\r\n\r\n<p>Yurt i\u00e7inden veya yurt d\u0131\u015f\u0131ndan T\u00fcrkiye \u00e7al\u0131\u015fma izni ba\u015fvurusunda bulunabilirsiniz. Yabanc\u0131, T\u00fcrkiye d\u0131\u015f\u0131nda ya\u015f\u0131yorsa \u00fclkesindeki T\u00fcrk b\u00fcy\u00fckel\u00e7ili\u011fine veya konsoloslu\u011fa sunmas\u0131 gereken dok\u00fcmanlar ile birlikte bir i\u015f s\u00f6zle\u015fmesine sahip olmal\u0131d\u0131r. Ancak, T\u00fcrkiye&#8217;de ise, i\u015fverenine g\u00f6ndermesi gerekir, o da ba\u015fvuruyu \u00c7al\u0131\u015fma ve Sosyal G\u00fcvenlik Bakanl\u0131\u011f\u0131&#8217;na sunacakt\u0131r.<\/p>\r\n\r\n\r\n\r\n<h4>Yurt i\u00e7i Ba\u015fvurular\u0131nda \u0130stenen Belgeler<\/h4>\r\n\r\n\r\n\r\n<p><span style=\"text-decoration: underline;\">Yabanc\u0131 personel taraf\u0131ndan sa\u011flanmas\u0131 gereken dok\u00fcmanlar:<\/span><\/p>\r\n\r\n\r\n\r\n<ul>\r\n<li>Yabanc\u0131 ki\u015fi ve i\u015fveren taraf\u0131ndan imzal\u0131 &#8220;i\u015f s\u00f6zle\u015fmesi&#8221;<\/li>\r\n<li>Yeminli terc\u00fcman taraf\u0131ndan \u00e7evrilmi\u015f &#8220;pasaport kopyas\u0131&#8221;<\/li>\r\n<li>Yeminli terc\u00fcman taraf\u0131ndan \u00e7evrilmi\u015f &#8220;diploma kopyas\u0131&#8221;<\/li>\r\n<li>Varsa e\u011fer Yeminli terc\u00fcman taraf\u0131ndan \u00e7evrilmi\u015f &#8220;referans mektubu&#8221;<\/li>\r\n<li>En az 6 ayl\u0131k ge\u00e7erli &#8220;ikamet izninin kopyas\u0131&#8221;<\/li>\r\n<li>\u00c7al\u0131\u015fma izni uzatma ba\u015fvurusu i\u00e7in mevcut \u00e7al\u0131\u015fma izninin orijinali<\/li>\r\n<\/ul>\r\n\r\n\r\n\r\n<p><em>* \u00d6\u011frencilere verilen ikamet izinleri dahil de\u011fildir.<\/em><\/p>\r\n\r\n\r\n\r\n<p><span style=\"text-decoration: underline;\">\u0130\u015fveren taraf\u0131ndan sa\u011flanmas\u0131 gereken dok\u00fcmanlar:<\/span><\/p>\r\n\r\n\r\n\r\n<ul>\r\n<li>Kurumun ge\u00e7mi\u015f y\u0131la ait bilan\u00e7o ve kar zarar tablosu<\/li>\r\n<li>Organizasyonun g\u00fcncel sermayesi ve i\u015ftirak yap\u0131s\u0131n\u0131 i\u00e7eren T\u00fcrk Ticaret Sicili Gazetesi<\/li>\r\n<li>Faaliyet belgesi,<\/li>\r\n<li>Maliye Bakanl\u0131\u011f\u0131 kay\u0131tlar\u0131ndan al\u0131nacak i\u015fyerinin vergi borcu olmad\u0131\u011f\u0131na dair belge<\/li>\r\n<\/ul>\r\n\r\n\r\n\r\n<p><em>* Yukar\u0131daki dok\u00fcmanlar i\u015fverenin sekt\u00f6r\u00fcne de\u011fi\u015fiklik g\u00f6sterebilmektedir.<\/em><\/p>\r\n\r\n\r\n\r\n<p>Gerekli formlar ve belgeler haz\u0131rland\u0131ktan sonra \u00f6ng\u00f6r\u00fclen s\u00fcre i\u00e7inde bakanl\u0131\u011fa teslim edilmelidir. \u00c7al\u0131\u015fma ve Sosyal G\u00fcvenlik Bakanl\u0131\u011f\u0131 de\u011ferlendirme s\u00fcreci yakla\u015f\u0131k 30 g\u00fcn s\u00fcrmektedir.<\/p>\r\n\r\n\r\n\r\n<h4>Yurt i\u00e7i Ba\u015fvurular\u0131nda \u0130stenen Belgeler<\/h4>\r\n\r\n\r\n\r\n<p><span style=\"text-decoration: underline;\">Yabanc\u0131 personel taraf\u0131ndan sa\u011flanmas\u0131 gereken dok\u00fcmanlar<\/span>:<\/p>\r\n\r\n\r\n\r\n<ul>\r\n<li>Pasaport<\/li>\r\n<li>\u00c7al\u0131\u015fma vizesi ba\u015fvuru formu<\/li>\r\n<li>\u0130\u015f s\u00f6zle\u015fmesi ve resmi i\u015f teklifi<\/li>\r\n<li>Yabanc\u0131n\u0131n \u00fclkesindeki T\u00fcrk Konsoloslu\u011funa hitaben yaz\u0131lm\u0131\u015f &#8220;davet mektubu&#8221;<\/li>\r\n<li>Bir adet &#8220;foto\u011fraf&#8221;<\/li>\r\n<li>Yeminli terc\u00fcman taraf\u0131ndan \u00e7evrilmi\u015f &#8220;diploma kopyas\u0131&#8221;<\/li>\r\n<li>Varsa e\u011fer Yeminli terc\u00fcman taraf\u0131ndan \u00e7evrilmi\u015f &#8220;referans mektubu&#8221;<\/li>\r\n<\/ul>\r\n\r\n\r\n\r\n<p><em>* T\u00fcrkiye d\u0131\u015f temsilciliklerinin takdir haklar\u0131na veya ikili anla\u015fmalara g\u00f6re, belgelerde de\u011fi\u015fiklik olabilmektedir.<\/em><\/p>\r\n\r\n\r\n\r\n<p><span style=\"text-decoration: underline;\">\u0130\u015fveren taraf\u0131ndan sa\u011flanmas\u0131 gereken dok\u00fcmanlar:<\/span><\/p>\r\n\r\n\r\n\r\n<ul>\r\n<li>Kurumun ge\u00e7mi\u015f y\u0131la ait bilan\u00e7o ve kar zarar tablosu<\/li>\r\n<li>Organizasyonun g\u00fcncel sermayesi ve i\u015ftirak yap\u0131s\u0131n\u0131 i\u00e7eren T\u00fcrk Ticaret Sicili Gazetesi<\/li>\r\n<li>Faaliyet belgesi<\/li>\r\n<\/ul>\r\n\r\n\r\n\r\n<h4><strong>\u00c7al\u0131\u015fma \u0130znini Uzatma<\/strong> Ba\u015fvurular\u0131nda Gerekli Belgeler<\/h4>\r\n\r\n\r\n\r\n<p><strong>Yabanc\u0131 personel taraf\u0131ndan sa\u011flanmas\u0131 gereken dok\u00fcmanlar<\/strong>:<\/p>\r\n\r\n\r\n\r\n<ul>\r\n<li>Yabanc\u0131 personel ba\u015fvuru formu<\/li>\r\n<li>Bakanl\u0131k\u00e7a verilen \u00e7al\u0131\u015fma izin s\u00fcrelerini g\u00f6steren \u00e7al\u0131\u015fma izinleri<\/li>\r\n<li>\u00d6nceki \u00e7al\u0131\u015fma izin belgesi ve \u00fcst yaz\u0131s\u0131<\/li>\r\n<li>Pasaport sureti<\/li>\r\n<\/ul>\r\n\r\n\r\n\r\n<p><em>* Yukar\u0131daki dok\u00fcmanlar meslek grubuna ba\u011fl\u0131 olarak de\u011fi\u015fiklik g\u00f6sterebilmektedir.<\/em><\/p>\r\n\r\n\r\n\r\n<p><strong>\u0130\u015fveren taraf\u0131ndan sa\u011flanmas\u0131 gereken dok\u00fcmanlar:<\/strong><\/p>\r\n\r\n\r\n\r\n<ul>\r\n<li>\u00c7al\u0131\u015fma izni ba\u015fvuru dilek\u00e7esi<\/li>\r\n<li>Maliye Bakanl\u0131\u011f\u0131 kay\u0131tlar\u0131ndan al\u0131nacak i\u015fyerinin vergi borcu olmad\u0131\u011f\u0131na dair belge<\/li>\r\n<li>Sosyal G\u00fcvenlik Kurumu\u2019ndan al\u0131nacak i\u015fyerine ve yabanc\u0131ya ili\u015fkin sosyal g\u00fcvenlik y\u00fck\u00fcml\u00fcl\u00fcklerinin yerine getirildi\u011fini g\u00f6sterir belge<\/li>\r\n<li>Organizasyonun g\u00fcncel sermayesi ve i\u015ftirak yap\u0131s\u0131n\u0131 i\u00e7eren T\u00fcrk Ticaret Sicili Gazetesi<\/li>\r\n<\/ul>\r\n","protected":false},"excerpt":{"rendered":"<p>T\u00fcrkiye&#8217;de bir yabanc\u0131 olarak \u00e7al\u0131\u015fmak istiyorsan\u0131z \u00e7al\u0131\u015fma iznine ba\u015fvurman\u0131z gerekir. 6458 say\u0131l\u0131 Yabanc\u0131lar ve Uluslararas\u0131 Koruma Kanunun 27\u2019nci maddesi uyar\u0131nca ge\u00e7erli \u00e7al\u0131\u015fma izinleri ayn\u0131 zamanda ikamet izni yerine ge\u00e7mektedir. T\u00fcrkiye&#8217;de \u00c7al\u0131\u015fma \u0130zinleri T\u00fcrleri T\u00fcrkiye&#8217;de yabanc\u0131lar i\u00e7in 4 farkl\u0131 \u00e7al\u0131\u015fma izni t\u00fcr\u00fc bulunmaktad\u0131r: S\u00fcreli \u00c7al\u0131\u015fma \u0130zni S\u00fcreli \u00e7al\u0131\u015fma izni en yayg\u0131n olanlar\u0131d\u0131r. Yabanc\u0131n\u0131n\u00a0belirli bir i\u015fyeri ve belirli bir meslekte \u00e7al\u0131\u015fabilmesi i\u00e7in maksimum 1 y\u0131l ge\u00e7erli olmak \u00fczere verilir.\u00a0S\u00fcreli \u00e7al\u0131\u015fma izni her y\u0131l yenilenebilir. Ki\u015fi 1 y\u0131ll\u0131k kanuni \u00e7al\u0131\u015fma s\u00fcresini doldurduktan sonra, ayn\u0131 i\u015fyeri ve ayn\u0131 meslekte \u00e7al\u0131\u015fmak \u00fczere \u00e7al\u0131\u015fma izninin s\u00fcresini 3 y\u0131la kadar uzat\u0131labilir. Ki\u015fi 3 y\u0131ll\u0131k kanuni \u00e7al\u0131\u015fma s\u00fcresini [&hellip;]<\/p>\n","protected":false},"author":1,"featured_media":39042,"comment_status":"open","ping_status":"open","sticky":false,"template":"","format":"standard","meta":{"inline_featured_image":false},"categories":[51,140],"tags":[],"yoast_head":"<!-- This site is optimized with the Yoast SEO plugin v19.13 - https:\/\/yoast.com\/wordpress\/plugins\/seo\/ -->\n<title>Yabanc\u0131 Uyruklu Vatanda\u015flar i\u00e7in T\u00fcrkiye&#039;de \u00c7al\u0131\u015fma \u0130zni<\/title>\n<meta name=\"description\" content=\"T\u00fcrkiye&#039;de bir yabanc\u0131 olarak \u00e7al\u0131\u015fmak istiyorsan\u0131z, \u00e7al\u0131\u015fma izni t\u00fcrleri, ba\u015fvuru s\u00fcreci ve ko\u015fullar\u0131n\u0131 bu sayfada g\u00f6r\u00fcnt\u00fcleyebilirsiniz.\" \/>\n<meta name=\"robots\" content=\"index, follow, max-snippet:-1, max-image-preview:large, max-video-preview:-1\" \/>\n<link rel=\"canonical\" href=\"https:\/\/www.nevitaint.com\/tr\/blog\/turkiyede-yabanci-calisma-izni\/\" \/>\n<meta property=\"og:locale\" content=\"tr_TR\" \/>\n<meta property=\"og:type\" content=\"article\" \/>\n<meta property=\"og:title\" content=\"Yabanc\u0131 Uyruklu Vatanda\u015flar i\u00e7in T\u00fcrkiye&#039;de \u00c7al\u0131\u015fma \u0130zni\" \/>\n<meta property=\"og:description\" content=\"T\u00fcrkiye&#039;de bir yabanc\u0131 olarak \u00e7al\u0131\u015fmak istiyorsan\u0131z, \u00e7al\u0131\u015fma izni t\u00fcrleri, ba\u015fvuru s\u00fcreci ve ko\u015fullar\u0131n\u0131 bu sayfada g\u00f6r\u00fcnt\u00fcleyebilirsiniz.\" \/>\n<meta property=\"og:url\" content=\"https:\/\/www.nevitaint.com\/tr\/blog\/turkiyede-yabanci-calisma-izni\/\" \/>\n<meta property=\"og:site_name\" content=\"Nevita\" \/>\n<meta property=\"article:published_time\" content=\"2018-01-10T05:48:00+00:00\" \/>\n<meta property=\"article:modified_time\" content=\"2021-10-28T07:32:19+00:00\" \/>\n<meta property=\"og:image\" content=\"https:\/\/www.nevitaint.com\/wp-content\/uploads\/2021\/11\/life-in-turkey-working-permission-new.jpg\" \/>\n\t<meta property=\"og:image:width\" content=\"960\" \/>\n\t<meta property=\"og:image:height\" content=\"640\" \/>\n\t<meta property=\"og:image:type\" content=\"image\/jpeg\" \/>\n<meta name=\"author\" content=\"Nevita\" \/>\n<meta name=\"twitter:card\" content=\"summary_large_image\" \/>\n<meta name=\"twitter:label1\" content=\"Yazan:\" \/>\n\t<meta name=\"twitter:data1\" content=\"Nevita\" \/>\n\t<meta name=\"twitter:label2\" content=\"Tahmini okuma s\u00fcresi\" \/>\n\t<meta name=\"twitter:data2\" content=\"4 dakika\" \/>\n<script type=\"application\/ld+json\" class=\"yoast-schema-graph\">{\"@context\":\"https:\/\/schema.org\",\"@graph\":[{\"@type\":\"Article\",\"@id\":\"https:\/\/www.nevitaint.com\/tr\/blog\/turkiyede-yabanci-calisma-izni\/#article\",\"isPartOf\":{\"@id\":\"https:\/\/www.nevitaint.com\/tr\/blog\/turkiyede-yabanci-calisma-izni\/\"},\"author\":{\"name\":\"Nevita\",\"@id\":\"https:\/\/www.nevitaint.com\/tr\/#\/schema\/person\/98d00de8841eac21aac9ff5d70cd1421\"},\"headline\":\"T\u00fcrkiye&#8217;de Yabanc\u0131 \u00c7al\u0131\u015fma \u0130zni\",\"datePublished\":\"2018-01-10T05:48:00+00:00\",\"dateModified\":\"2021-10-28T07:32:19+00:00\",\"mainEntityOfPage\":{\"@id\":\"https:\/\/www.nevitaint.com\/tr\/blog\/turkiyede-yabanci-calisma-izni\/\"},\"wordCount\":1326,\"commentCount\":0,\"publisher\":{\"@id\":\"https:\/\/www.nevitaint.com\/tr\/#organization\"},\"articleSection\":[\"Blog\",\"T\u00fcrkiye'de Ya\u015fam\"],\"inLanguage\":\"tr\",\"potentialAction\":[{\"@type\":\"CommentAction\",\"name\":\"Comment\",\"target\":[\"https:\/\/www.nevitaint.com\/tr\/blog\/turkiyede-yabanci-calisma-izni\/#respond\"]}]},{\"@type\":\"WebPage\",\"@id\":\"https:\/\/www.nevitaint.com\/tr\/blog\/turkiyede-yabanci-calisma-izni\/\",\"url\":\"https:\/\/www.nevitaint.com\/tr\/blog\/turkiyede-yabanci-calisma-izni\/\",\"name\":\"Yabanc\u0131 Uyruklu Vatanda\u015flar i\u00e7in T\u00fcrkiye'de \u00c7al\u0131\u015fma \u0130zni\",\"isPartOf\":{\"@id\":\"https:\/\/www.nevitaint.com\/tr\/#website\"},\"datePublished\":\"2018-01-10T05:48:00+00:00\",\"dateModified\":\"2021-10-28T07:32:19+00:00\",\"description\":\"T\u00fcrkiye'de bir yabanc\u0131 olarak \u00e7al\u0131\u015fmak istiyorsan\u0131z, \u00e7al\u0131\u015fma izni t\u00fcrleri, ba\u015fvuru s\u00fcreci ve ko\u015fullar\u0131n\u0131 bu sayfada g\u00f6r\u00fcnt\u00fcleyebilirsiniz.\",\"breadcrumb\":{\"@id\":\"https:\/\/www.nevitaint.com\/tr\/blog\/turkiyede-yabanci-calisma-izni\/#breadcrumb\"},\"inLanguage\":\"tr\",\"potentialAction\":[{\"@type\":\"ReadAction\",\"target\":[\"https:\/\/www.nevitaint.com\/tr\/blog\/turkiyede-yabanci-calisma-izni\/\"]}]},{\"@type\":\"BreadcrumbList\",\"@id\":\"https:\/\/www.nevitaint.com\/tr\/blog\/turkiyede-yabanci-calisma-izni\/#breadcrumb\",\"itemListElement\":[{\"@type\":\"ListItem\",\"position\":1,\"name\":\"Homepage\",\"item\":\"https:\/\/www.nevitaint.com\/tr\/\"},{\"@type\":\"ListItem\",\"position\":2,\"name\":\"Blog\",\"item\":\"https:\/\/www.nevitaint.com\/tr\/blog\/\"},{\"@type\":\"ListItem\",\"position\":3,\"name\":\"T\u00fcrkiye&#8217;de Yabanc\u0131 \u00c7al\u0131\u015fma \u0130zni\"}]},{\"@type\":\"WebSite\",\"@id\":\"https:\/\/www.nevitaint.com\/tr\/#website\",\"url\":\"https:\/\/www.nevitaint.com\/tr\/\",\"name\":\"Nevita\",\"description\":\"\",\"publisher\":{\"@id\":\"https:\/\/www.nevitaint.com\/tr\/#organization\"},\"potentialAction\":[{\"@type\":\"SearchAction\",\"target\":{\"@type\":\"EntryPoint\",\"urlTemplate\":\"https:\/\/www.nevitaint.com\/tr\/?s={search_term_string}\"},\"query-input\":\"required name=search_term_string\"}],\"inLanguage\":\"tr\"},{\"@type\":\"Organization\",\"@id\":\"https:\/\/www.nevitaint.com\/tr\/#organization\",\"name\":\"T\u00fcrkiye\u2019de Sat\u0131l\u0131k Gayrimenkul \u0130lanlar\u0131 | Nevita\",\"url\":\"https:\/\/www.nevitaint.com\/tr\/\",\"logo\":{\"@type\":\"ImageObject\",\"inLanguage\":\"tr\",\"@id\":\"https:\/\/www.nevitaint.com\/tr\/#\/schema\/logo\/image\/\",\"url\":\"https:\/\/www.nevitaint.com\/wp-content\/uploads\/2021\/11\/nevita-logo.jpg\",\"contentUrl\":\"https:\/\/www.nevitaint.com\/wp-content\/uploads\/2021\/11\/nevita-logo.jpg\",\"width\":640,\"height\":200,\"caption\":\"T\u00fcrkiye\u2019de Sat\u0131l\u0131k Gayrimenkul \u0130lanlar\u0131 | Nevita\"},\"image\":{\"@id\":\"https:\/\/www.nevitaint.com\/tr\/#\/schema\/logo\/image\/\"}},{\"@type\":\"Person\",\"@id\":\"https:\/\/www.nevitaint.com\/tr\/#\/schema\/person\/98d00de8841eac21aac9ff5d70cd1421\",\"name\":\"Nevita\",\"image\":{\"@type\":\"ImageObject\",\"inLanguage\":\"tr\",\"@id\":\"https:\/\/www.nevitaint.com\/tr\/#\/schema\/person\/image\/\",\"url\":\"https:\/\/secure.gravatar.com\/avatar\/fc9673d92a1437b653add5b0d9806201?s=96&d=mm&r=g\",\"contentUrl\":\"https:\/\/secure.gravatar.com\/avatar\/fc9673d92a1437b653add5b0d9806201?s=96&d=mm&r=g\",\"caption\":\"Nevita\"},\"sameAs\":[\"https:\/\/www.nevita.com.tr\"]}]}<\/script>\n<!-- \/ Yoast SEO plugin. -->","yoast_head_json":{"title":"Yabanc\u0131 Uyruklu Vatanda\u015flar i\u00e7in T\u00fcrkiye'de \u00c7al\u0131\u015fma \u0130zni","description":"T\u00fcrkiye'de bir yabanc\u0131 olarak \u00e7al\u0131\u015fmak istiyorsan\u0131z, \u00e7al\u0131\u015fma izni t\u00fcrleri, ba\u015fvuru s\u00fcreci ve ko\u015fullar\u0131n\u0131 bu sayfada g\u00f6r\u00fcnt\u00fcleyebilirsiniz.","robots":{"index":"index","follow":"follow","max-snippet":"max-snippet:-1","max-image-preview":"max-image-preview:large","max-video-preview":"max-video-preview:-1"},"canonical":"https:\/\/www.nevitaint.com\/tr\/blog\/turkiyede-yabanci-calisma-izni\/","og_locale":"tr_TR","og_type":"article","og_title":"Yabanc\u0131 Uyruklu Vatanda\u015flar i\u00e7in T\u00fcrkiye'de \u00c7al\u0131\u015fma \u0130zni","og_description":"T\u00fcrkiye'de bir yabanc\u0131 olarak \u00e7al\u0131\u015fmak istiyorsan\u0131z, \u00e7al\u0131\u015fma izni t\u00fcrleri, ba\u015fvuru s\u00fcreci ve ko\u015fullar\u0131n\u0131 bu sayfada g\u00f6r\u00fcnt\u00fcleyebilirsiniz.","og_url":"https:\/\/www.nevitaint.com\/tr\/blog\/turkiyede-yabanci-calisma-izni\/","og_site_name":"Nevita","article_published_time":"2018-01-10T05:48:00+00:00","article_modified_time":"2021-10-28T07:32:19+00:00","og_image":[{"width":960,"height":640,"url":"https:\/\/www.nevitaint.com\/wp-content\/uploads\/2021\/11\/life-in-turkey-working-permission-new.jpg","type":"image\/jpeg"}],"author":"Nevita","twitter_card":"summary_large_image","twitter_misc":{"Yazan:":"Nevita","Tahmini okuma s\u00fcresi":"4 dakika"},"schema":{"@context":"https:\/\/schema.org","@graph":[{"@type":"Article","@id":"https:\/\/www.nevitaint.com\/tr\/blog\/turkiyede-yabanci-calisma-izni\/#article","isPartOf":{"@id":"https:\/\/www.nevitaint.com\/tr\/blog\/turkiyede-yabanci-calisma-izni\/"},"author":{"name":"Nevita","@id":"https:\/\/www.nevitaint.com\/tr\/#\/schema\/person\/98d00de8841eac21aac9ff5d70cd1421"},"headline":"T\u00fcrkiye&#8217;de Yabanc\u0131 \u00c7al\u0131\u015fma \u0130zni","datePublished":"2018-01-10T05:48:00+00:00","dateModified":"2021-10-28T07:32:19+00:00","mainEntityOfPage":{"@id":"https:\/\/www.nevitaint.com\/tr\/blog\/turkiyede-yabanci-calisma-izni\/"},"wordCount":1326,"commentCount":0,"publisher":{"@id":"https:\/\/www.nevitaint.com\/tr\/#organization"},"articleSection":["Blog","T\u00fcrkiye'de Ya\u015fam"],"inLanguage":"tr","potentialAction":[{"@type":"CommentAction","name":"Comment","target":["https:\/\/www.nevitaint.com\/tr\/blog\/turkiyede-yabanci-calisma-izni\/#respond"]}]},{"@type":"WebPage","@id":"https:\/\/www.nevitaint.com\/tr\/blog\/turkiyede-yabanci-calisma-izni\/","url":"https:\/\/www.nevitaint.com\/tr\/blog\/turkiyede-yabanci-calisma-izni\/","name":"Yabanc\u0131 Uyruklu Vatanda\u015flar i\u00e7in T\u00fcrkiye'de \u00c7al\u0131\u015fma \u0130zni","isPartOf":{"@id":"https:\/\/www.nevitaint.com\/tr\/#website"},"datePublished":"2018-01-10T05:48:00+00:00","dateModified":"2021-10-28T07:32:19+00:00","description":"T\u00fcrkiye'de bir yabanc\u0131 olarak \u00e7al\u0131\u015fmak istiyorsan\u0131z, \u00e7al\u0131\u015fma izni t\u00fcrleri, ba\u015fvuru s\u00fcreci ve ko\u015fullar\u0131n\u0131 bu sayfada g\u00f6r\u00fcnt\u00fcleyebilirsiniz.","breadcrumb":{"@id":"https:\/\/www.nevitaint.com\/tr\/blog\/turkiyede-yabanci-calisma-izni\/#breadcrumb"},"inLanguage":"tr","potentialAction":[{"@type":"ReadAction","target":["https:\/\/www.nevitaint.com\/tr\/blog\/turkiyede-yabanci-calisma-izni\/"]}]},{"@type":"BreadcrumbList","@id":"https:\/\/www.nevitaint.com\/tr\/blog\/turkiyede-yabanci-calisma-izni\/#breadcrumb","itemListElement":[{"@type":"ListItem","position":1,"name":"Homepage","item":"https:\/\/www.nevitaint.com\/tr\/"},{"@type":"ListItem","position":2,"name":"Blog","item":"https:\/\/www.nevitaint.com\/tr\/blog\/"},{"@type":"ListItem","position":3,"name":"T\u00fcrkiye&#8217;de Yabanc\u0131 \u00c7al\u0131\u015fma \u0130zni"}]},{"@type":"WebSite","@id":"https:\/\/www.nevitaint.com\/tr\/#website","url":"https:\/\/www.nevitaint.com\/tr\/","name":"Nevita","description":"","publisher":{"@id":"https:\/\/www.nevitaint.com\/tr\/#organization"},"potentialAction":[{"@type":"SearchAction","target":{"@type":"EntryPoint","urlTemplate":"https:\/\/www.nevitaint.com\/tr\/?s={search_term_string}"},"query-input":"required name=search_term_string"}],"inLanguage":"tr"},{"@type":"Organization","@id":"https:\/\/www.nevitaint.com\/tr\/#organization","name":"T\u00fcrkiye\u2019de Sat\u0131l\u0131k Gayrimenkul \u0130lanlar\u0131 | Nevita","url":"https:\/\/www.nevitaint.com\/tr\/","logo":{"@type":"ImageObject","inLanguage":"tr","@id":"https:\/\/www.nevitaint.com\/tr\/#\/schema\/logo\/image\/","url":"https:\/\/www.nevitaint.com\/wp-content\/uploads\/2021\/11\/nevita-logo.jpg","contentUrl":"https:\/\/www.nevitaint.com\/wp-content\/uploads\/2021\/11\/nevita-logo.jpg","width":640,"height":200,"caption":"T\u00fcrkiye\u2019de Sat\u0131l\u0131k Gayrimenkul \u0130lanlar\u0131 | Nevita"},"image":{"@id":"https:\/\/www.nevitaint.com\/tr\/#\/schema\/logo\/image\/"}},{"@type":"Person","@id":"https:\/\/www.nevitaint.com\/tr\/#\/schema\/person\/98d00de8841eac21aac9ff5d70cd1421","name":"Nevita","image":{"@type":"ImageObject","inLanguage":"tr","@id":"https:\/\/www.nevitaint.com\/tr\/#\/schema\/person\/image\/","url":"https:\/\/secure.gravatar.com\/avatar\/fc9673d92a1437b653add5b0d9806201?s=96&d=mm&r=g","contentUrl":"https:\/\/secure.gravatar.com\/avatar\/fc9673d92a1437b653add5b0d9806201?s=96&d=mm&r=g","caption":"Nevita"},"sameAs":["https:\/\/www.nevita.com.tr"]}]}},"_links":{"self":[{"href":"https:\/\/www.nevitaint.com\/tr\/wp-json\/wp\/v2\/posts\/31279"}],"collection":[{"href":"https:\/\/www.nevitaint.com\/tr\/wp-json\/wp\/v2\/posts"}],"about":[{"href":"https:\/\/www.nevitaint.com\/tr\/wp-json\/wp\/v2\/types\/post"}],"author":[{"embeddable":true,"href":"https:\/\/www.nevitaint.com\/tr\/wp-json\/wp\/v2\/users\/1"}],"replies":[{"embeddable":true,"href":"https:\/\/www.nevitaint.com\/tr\/wp-json\/wp\/v2\/comments?post=31279"}],"version-history":[{"count":1,"href":"https:\/\/www.nevitaint.com\/tr\/wp-json\/wp\/v2\/posts\/31279\/revisions"}],"predecessor-version":[{"id":38213,"href":"https:\/\/www.nevitaint.com\/tr\/wp-json\/wp\/v2\/posts\/31279\/revisions\/38213"}],"wp:featuredmedia":[{"embeddable":true,"href":"https:\/\/www.nevitaint.com\/tr\/wp-json\/wp\/v2\/media\/39042"}],"wp:attachment":[{"href":"https:\/\/www.nevitaint.com\/tr\/wp-json\/wp\/v2\/media?parent=31279"}],"wp:term":[{"taxonomy":"category","embeddable":true,"href":"https:\/\/www.nevitaint.com\/tr\/wp-json\/wp\/v2\/categories?post=31279"},{"taxonomy":"post_tag","embeddable":true,"href":"https:\/\/www.nevitaint.com\/tr\/wp-json\/wp\/v2\/tags?post=31279"}],"curies":[{"name":"wp","href":"https:\/\/api.w.org\/{rel}","templated":true}]}}