{"id":59335,"date":"2023-05-22T15:08:08","date_gmt":"2023-05-22T12:08:08","guid":{"rendered":"https:\/\/www.nevitaint.com\/blog\/what-should-be-the-gross-rental-multiplier-when-buying-a-house\/"},"modified":"2023-05-26T18:26:30","modified_gmt":"2023-05-26T15:26:30","slug":"ev-satin-alirken-kira-carpani-ne-olmali","status":"publish","type":"post","link":"https:\/\/www.nevitaint.com\/tr\/blog\/ev-satin-alirken-kira-carpani-ne-olmali\/","title":{"rendered":"Ev Sat\u0131n Al\u0131rken Kira \u00c7arpan\u0131 Ne Olmal\u0131?"},"content":{"rendered":"<p>Ev sat\u0131n al\u0131rken bir\u00e7ok fakt\u00f6r\u00fc dikkate almak \u00f6nemlidir. Bir\u00e7ok ki\u015fi i\u00e7in, ev sat\u0131n alman\u0131n temel amac\u0131, kira \u00f6demek yerine bir m\u00fclke yat\u0131r\u0131m yapmakt\u0131r. Bu nedenle, evin de\u011ferini kira \u00e7arpan\u0131yla \u00f6l\u00e7mek yayg\u0131n bir y\u00f6ntemdir. Peki, ev sat\u0131n al\u0131rken kira \u00e7arpan\u0131 ne olmal\u0131d\u0131r ve evin de\u011feri kiran\u0131n ka\u00e7 kat\u0131 olmal\u0131d\u0131r?<\/p>\n<p>Ev sat\u0131n al\u0131rken kira \u00e7arpan\u0131, bir evin m\u00fclkiyet de\u011ferini kira gelirine oranlayan bir hesaplama y\u00f6ntemidir. Kira \u00e7arpan\u0131, bir evin m\u00fclkiyet de\u011ferinin y\u0131ll\u0131k kira gelirine b\u00f6l\u00fcnmesiyle elde edilir. \u00d6rne\u011fin, bir evin m\u00fclkiyet de\u011feri 300.000 TL ve y\u0131ll\u0131k kira geliri 24.000 TL ise, kira \u00e7arpan\u0131 12&#8217;dir (300.000 TL \/ 24.000 TL = 12).<\/p>\n<p>Ancak, kira \u00e7arpan\u0131n\u0131n ideal de\u011feri konumdan konuma ve piyasa ko\u015fullar\u0131na g\u00f6re de\u011fi\u015febilir. Genel olarak, kira \u00e7arpan\u0131n\u0131n d\u00fc\u015f\u00fck olmas\u0131, evin kira gelirine k\u0131yasla daha uygun fiyatl\u0131 oldu\u011funu g\u00f6sterirken, y\u00fcksek bir kira \u00e7arpan\u0131, evin m\u00fclkiyet de\u011ferinin kira gelirine g\u00f6re daha y\u00fcksek oldu\u011funu g\u00f6sterir. Yat\u0131r\u0131mc\u0131lar genellikle d\u00fc\u015f\u00fck kira \u00e7arpan\u0131 olan evleri cazip bulur, \u00e7\u00fcnk\u00fc bu t\u00fcr evler genellikle daha y\u00fcksek bir getiri potansiyeli sunar.<\/p>\n<p>Kira \u00e7arpan\u0131n\u0131 de\u011ferlendirirken sadece bir fakt\u00f6re odaklanmak yetersiz olabilir. Ev sat\u0131n al\u0131rken a\u015fa\u011f\u0131daki fakt\u00f6rleri de g\u00f6z \u00f6n\u00fcnde bulundurman\u0131z \u00f6nemlidir:<\/p>\n<ul>\n<li><strong>Konum:<\/strong> Konum, evin de\u011ferini ve kira potansiyelini b\u00fcy\u00fck \u00f6l\u00e7\u00fcde etkiler. \u0130yi bir konumda olan bir ev, genellikle daha y\u00fcksek bir kira geliri elde etme potansiyeline sahiptir ve bu nedenle daha y\u00fcksek bir kira \u00e7arpan\u0131na sahip olabilir. Ayr\u0131ca, iyi bir konum, evin de\u011ferinin zamanla artma olas\u0131l\u0131\u011f\u0131n\u0131 da art\u0131rabilir.<\/li>\n<li><strong>Piyasa ko\u015fullar\u0131:<\/strong> Ev al\u0131rken, piyasa ko\u015fullar\u0131n\u0131 da dikkate alman\u0131z \u00f6nemlidir. Baz\u0131 b\u00f6lgelerde kira pazar\u0131 canl\u0131 ve talep y\u00fcksekken, di\u011fer b\u00f6lgelerde kiral\u0131k m\u00fclklerin de\u011feri d\u00fc\u015f\u00fck olabilir. Piyasa ko\u015fullar\u0131n\u0131 de\u011ferlendirirken, uzun vadeli potansiyeli ve b\u00f6lgedeki trendleri g\u00f6zlemlemek \u00f6nemlidir.<\/li>\n<li><strong>Kiralama potansiyeli:<\/strong> Ev sat\u0131n al\u0131rken, kiralama potansiyelini de de\u011ferlendirmeniz \u00f6nemlidir. B\u00f6lgedeki benzer evlerin kira fiyatlar\u0131n\u0131 ara\u015ft\u0131rmak ve talep d\u00fczeyini anlamak, evin kira getirisini tahmin etmenize yard\u0131mc\u0131 olabilir. Ayr\u0131ca, gelecekteki kira art\u0131\u015flar\u0131 ve bo\u015faltma s\u00fcreleri gibi fakt\u00f6rleri de g\u00f6z \u00f6n\u00fcnde bulundurman\u0131z \u00f6nemlidir.<\/li>\n<li><strong>Finansal durumunuz:<\/strong> Ev sat\u0131n al\u0131rken kira \u00e7arpan\u0131n\u0131 de\u011ferlendirirken, kendi finansal durumunuzu da g\u00f6z \u00f6n\u00fcnde bulundurman\u0131z \u00f6nemlidir. Evin m\u00fclkiyet de\u011ferini kira gelirine oranlarken, ayl\u0131k \u00f6demelerin b\u00fct\u00e7enize uygun olmas\u0131n\u0131 sa\u011flamal\u0131s\u0131n\u0131z. Kira \u00e7arpan\u0131n\u0131n yan\u0131 s\u0131ra, kredi ko\u015fullar\u0131, faiz oranlar\u0131 ve di\u011fer finansal fakt\u00f6rleri de de\u011ferlendirmeniz \u00f6nemlidir.<\/li>\n<\/ul>\n<p>Sonu\u00e7 olarak, ev sat\u0131n al\u0131rken kira \u00e7arpan\u0131, bir evin m\u00fclkiyet de\u011ferini kira gelirine oranlayarak de\u011ferlendirilen \u00f6nemli bir fakt\u00f6rd\u00fcr. Ancak, tek ba\u015f\u0131na kira \u00e7arpan\u0131na odaklanmak yetersiz olabilir. Konum, piyasa ko\u015fullar\u0131, kiralama potansiyeli ve kendi finansal durumunuz gibi di\u011fer fakt\u00f6rleri de dikkate alman\u0131z \u00f6nemlidir. Ev sat\u0131n almadan \u00f6nce detayl\u0131 bir ara\u015ft\u0131rma yapmak, karar vermenize yard\u0131mc\u0131 olacakt\u0131r. Unutmay\u0131n, her bireyin ihtiya\u00e7lar\u0131 ve hedefleri farkl\u0131 olabilir, bu nedenle kendi ko\u015fullar\u0131n\u0131za en uygun olan\u0131 belirlemek \u00f6nemlidir.<\/p>\n<h2>Evin de\u011feri kiran\u0131n ka\u00e7 kat\u0131d\u0131r?<\/h2>\n<p>Evin de\u011ferinin kira ile ili\u015fkisini belirlemek i\u00e7in kullan\u0131lan di\u011fer bir \u00f6l\u00e7\u00fct de kira kat\u0131d\u0131r. Kira kat\u0131, bir evin piyasa de\u011ferinin y\u0131ll\u0131k kiras\u0131na b\u00f6l\u00fcnmesiyle hesaplan\u0131r. Genellikle, bir evin kira kat\u0131 15 ila 20 aras\u0131nda olmal\u0131d\u0131r. Ancak, bu say\u0131 da b\u00f6lgeden b\u00f6lgeye ve hatta mahalleden mahalleye farkl\u0131l\u0131k g\u00f6sterebilir. \u00d6rne\u011fin, y\u00fcksek talep olan bir b\u00f6lgede kira kat\u0131 daha y\u00fcksek olabilir.<\/p>\n<p>Evin de\u011ferinin kira kat\u0131 hesaplamas\u0131, bir evin fiyat\u0131n\u0131 belirlemede yararl\u0131 bir ara\u00e7t\u0131r, ancak tek ba\u015f\u0131na yeterli de\u011fildir. \u00c7\u00fcnk\u00fc bir evin fiyat\u0131, bir\u00e7ok fakt\u00f6re ba\u011fl\u0131d\u0131r. \u00d6rne\u011fin, evin konumu, b\u00fcy\u00fckl\u00fc\u011f\u00fc, durumu, bak\u0131m\u0131, sundu\u011fu imkanlar ve daha bir\u00e7ok fakt\u00f6r, evin fiyat\u0131n\u0131 etkiler.<\/p>\n<p>Sonu\u00e7 olarak, bir ev sat\u0131n al\u0131rken, yaln\u0131zca kira \u00e7arpan\u0131 veya kira kat\u0131 gibi belirli bir \u00f6l\u00e7\u00fcte dayanarak fiyatland\u0131rmay\u0131 belirlemek do\u011fru de\u011fildir. Bunun yerine, bir\u00e7ok fakt\u00f6r\u00fc dikkate alarak evin ger\u00e7ek piyasa de\u011ferini belirlemek en do\u011fru yakla\u015f\u0131m olacakt\u0131r.<\/p>\n","protected":false},"excerpt":{"rendered":"<p>Ev sat\u0131n al\u0131rken bir\u00e7ok fakt\u00f6r\u00fc dikkate almak \u00f6nemlidir. Bir\u00e7ok ki\u015fi i\u00e7in, ev sat\u0131n alman\u0131n temel amac\u0131, kira \u00f6demek yerine bir m\u00fclke yat\u0131r\u0131m yapmakt\u0131r. Bu nedenle, evin de\u011ferini kira \u00e7arpan\u0131yla \u00f6l\u00e7mek yayg\u0131n bir y\u00f6ntemdir. Peki, ev sat\u0131n al\u0131rken kira \u00e7arpan\u0131 ne olmal\u0131d\u0131r ve evin de\u011feri kiran\u0131n ka\u00e7 kat\u0131 olmal\u0131d\u0131r? Ev sat\u0131n al\u0131rken kira \u00e7arpan\u0131, bir evin m\u00fclkiyet de\u011ferini kira gelirine oranlayan bir hesaplama y\u00f6ntemidir. Kira \u00e7arpan\u0131, bir evin m\u00fclkiyet de\u011ferinin y\u0131ll\u0131k kira gelirine b\u00f6l\u00fcnmesiyle elde edilir. \u00d6rne\u011fin, bir evin m\u00fclkiyet de\u011feri 300.000 TL ve y\u0131ll\u0131k kira geliri 24.000 TL ise, kira \u00e7arpan\u0131 12&#8217;dir (300.000 TL \/ 24.000 TL = 12). Ancak, [&hellip;]<\/p>\n","protected":false},"author":19,"featured_media":59383,"comment_status":"open","ping_status":"open","sticky":false,"template":"","format":"standard","meta":{"inline_featured_image":false},"categories":[51,162],"tags":[],"yoast_head":"<!-- This site is optimized with the Yoast SEO plugin v19.13 - https:\/\/yoast.com\/wordpress\/plugins\/seo\/ -->\n<title>Ev Sat\u0131n Al\u0131rken Kira \u00c7arpan\u0131 Ne Olmal\u0131? | Nevita<\/title>\n<meta name=\"description\" content=\"Ev al\u0131rken kira \u00e7arpan\u0131 ne olmal\u0131 ve evin de\u011feri ka\u00e7 kat olmal\u0131 \u00f6\u011frenmek i\u00e7in blog sayfam\u0131z\u0131 ziyaret edin.\" \/>\n<meta name=\"robots\" content=\"index, follow, max-snippet:-1, max-image-preview:large, max-video-preview:-1\" \/>\n<link rel=\"canonical\" href=\"https:\/\/www.nevitaint.com\/tr\/blog\/ev-satin-alirken-kira-carpani-ne-olmali\/\" \/>\n<meta property=\"og:locale\" content=\"tr_TR\" \/>\n<meta property=\"og:type\" content=\"article\" \/>\n<meta property=\"og:title\" content=\"Ev Sat\u0131n Al\u0131rken Kira \u00c7arpan\u0131 Ne Olmal\u0131? | Nevita\" \/>\n<meta property=\"og:description\" content=\"Ev al\u0131rken kira \u00e7arpan\u0131 ne olmal\u0131 ve evin de\u011feri ka\u00e7 kat olmal\u0131 \u00f6\u011frenmek i\u00e7in blog sayfam\u0131z\u0131 ziyaret edin.\" \/>\n<meta property=\"og:url\" content=\"https:\/\/www.nevitaint.com\/tr\/blog\/ev-satin-alirken-kira-carpani-ne-olmali\/\" \/>\n<meta property=\"og:site_name\" content=\"Nevita\" \/>\n<meta property=\"article:published_time\" content=\"2023-05-22T12:08:08+00:00\" \/>\n<meta property=\"article:modified_time\" content=\"2023-05-26T15:26:30+00:00\" \/>\n<meta property=\"og:image\" content=\"https:\/\/www.nevitaint.com\/wp-content\/uploads\/2023\/05\/gross-rent-multiplier.AR_.jpg\" \/>\n\t<meta property=\"og:image:width\" content=\"2048\" \/>\n\t<meta property=\"og:image:height\" content=\"1365\" \/>\n\t<meta property=\"og:image:type\" content=\"image\/jpeg\" \/>\n<meta name=\"author\" content=\"Berkay Hakan\" \/>\n<meta name=\"twitter:card\" content=\"summary_large_image\" \/>\n<meta name=\"twitter:label1\" content=\"Yazan:\" \/>\n\t<meta name=\"twitter:data1\" content=\"Berkay Hakan\" \/>\n\t<meta name=\"twitter:label2\" content=\"Tahmini okuma s\u00fcresi\" \/>\n\t<meta name=\"twitter:data2\" content=\"4 dakika\" \/>\n<script type=\"application\/ld+json\" class=\"yoast-schema-graph\">{\"@context\":\"https:\/\/schema.org\",\"@graph\":[{\"@type\":\"Article\",\"@id\":\"https:\/\/www.nevitaint.com\/tr\/blog\/ev-satin-alirken-kira-carpani-ne-olmali\/#article\",\"isPartOf\":{\"@id\":\"https:\/\/www.nevitaint.com\/tr\/blog\/ev-satin-alirken-kira-carpani-ne-olmali\/\"},\"author\":{\"name\":\"Berkay Hakan\",\"@id\":\"https:\/\/www.nevitaint.com\/tr\/#\/schema\/person\/4f8f2c00c3bb872df925b3318d4cb358\"},\"headline\":\"Ev Sat\u0131n Al\u0131rken Kira \u00c7arpan\u0131 Ne Olmal\u0131?\",\"datePublished\":\"2023-05-22T12:08:08+00:00\",\"dateModified\":\"2023-05-26T15:26:30+00:00\",\"mainEntityOfPage\":{\"@id\":\"https:\/\/www.nevitaint.com\/tr\/blog\/ev-satin-alirken-kira-carpani-ne-olmali\/\"},\"wordCount\":792,\"commentCount\":0,\"publisher\":{\"@id\":\"https:\/\/www.nevitaint.com\/tr\/#organization\"},\"articleSection\":[\"Blog\",\"Sat\u0131n Alma Tavsiyesi\"],\"inLanguage\":\"tr\",\"potentialAction\":[{\"@type\":\"CommentAction\",\"name\":\"Comment\",\"target\":[\"https:\/\/www.nevitaint.com\/tr\/blog\/ev-satin-alirken-kira-carpani-ne-olmali\/#respond\"]}]},{\"@type\":\"WebPage\",\"@id\":\"https:\/\/www.nevitaint.com\/tr\/blog\/ev-satin-alirken-kira-carpani-ne-olmali\/\",\"url\":\"https:\/\/www.nevitaint.com\/tr\/blog\/ev-satin-alirken-kira-carpani-ne-olmali\/\",\"name\":\"Ev Sat\u0131n Al\u0131rken Kira \u00c7arpan\u0131 Ne Olmal\u0131? | Nevita\",\"isPartOf\":{\"@id\":\"https:\/\/www.nevitaint.com\/tr\/#website\"},\"datePublished\":\"2023-05-22T12:08:08+00:00\",\"dateModified\":\"2023-05-26T15:26:30+00:00\",\"description\":\"Ev al\u0131rken kira \u00e7arpan\u0131 ne olmal\u0131 ve evin de\u011feri ka\u00e7 kat olmal\u0131 \u00f6\u011frenmek i\u00e7in blog sayfam\u0131z\u0131 ziyaret edin.\",\"breadcrumb\":{\"@id\":\"https:\/\/www.nevitaint.com\/tr\/blog\/ev-satin-alirken-kira-carpani-ne-olmali\/#breadcrumb\"},\"inLanguage\":\"tr\",\"potentialAction\":[{\"@type\":\"ReadAction\",\"target\":[\"https:\/\/www.nevitaint.com\/tr\/blog\/ev-satin-alirken-kira-carpani-ne-olmali\/\"]}]},{\"@type\":\"BreadcrumbList\",\"@id\":\"https:\/\/www.nevitaint.com\/tr\/blog\/ev-satin-alirken-kira-carpani-ne-olmali\/#breadcrumb\",\"itemListElement\":[{\"@type\":\"ListItem\",\"position\":1,\"name\":\"Homepage\",\"item\":\"https:\/\/www.nevitaint.com\/tr\/\"},{\"@type\":\"ListItem\",\"position\":2,\"name\":\"Blog\",\"item\":\"https:\/\/www.nevitaint.com\/tr\/blog\/\"},{\"@type\":\"ListItem\",\"position\":3,\"name\":\"Ev Sat\u0131n Al\u0131rken Kira \u00c7arpan\u0131 Ne Olmal\u0131?\"}]},{\"@type\":\"WebSite\",\"@id\":\"https:\/\/www.nevitaint.com\/tr\/#website\",\"url\":\"https:\/\/www.nevitaint.com\/tr\/\",\"name\":\"Nevita\",\"description\":\"\",\"publisher\":{\"@id\":\"https:\/\/www.nevitaint.com\/tr\/#organization\"},\"potentialAction\":[{\"@type\":\"SearchAction\",\"target\":{\"@type\":\"EntryPoint\",\"urlTemplate\":\"https:\/\/www.nevitaint.com\/tr\/?s={search_term_string}\"},\"query-input\":\"required name=search_term_string\"}],\"inLanguage\":\"tr\"},{\"@type\":\"Organization\",\"@id\":\"https:\/\/www.nevitaint.com\/tr\/#organization\",\"name\":\"T\u00fcrkiye\u2019de Sat\u0131l\u0131k Gayrimenkul \u0130lanlar\u0131 | Nevita\",\"url\":\"https:\/\/www.nevitaint.com\/tr\/\",\"logo\":{\"@type\":\"ImageObject\",\"inLanguage\":\"tr\",\"@id\":\"https:\/\/www.nevitaint.com\/tr\/#\/schema\/logo\/image\/\",\"url\":\"https:\/\/www.nevitaint.com\/wp-content\/uploads\/2021\/11\/nevita-logo.jpg\",\"contentUrl\":\"https:\/\/www.nevitaint.com\/wp-content\/uploads\/2021\/11\/nevita-logo.jpg\",\"width\":640,\"height\":200,\"caption\":\"T\u00fcrkiye\u2019de Sat\u0131l\u0131k Gayrimenkul \u0130lanlar\u0131 | Nevita\"},\"image\":{\"@id\":\"https:\/\/www.nevitaint.com\/tr\/#\/schema\/logo\/image\/\"}},{\"@type\":\"Person\",\"@id\":\"https:\/\/www.nevitaint.com\/tr\/#\/schema\/person\/4f8f2c00c3bb872df925b3318d4cb358\",\"name\":\"Berkay Hakan\",\"image\":{\"@type\":\"ImageObject\",\"inLanguage\":\"tr\",\"@id\":\"https:\/\/www.nevitaint.com\/tr\/#\/schema\/person\/image\/\",\"url\":\"https:\/\/secure.gravatar.com\/avatar\/dc29de102a791b785e2510c61ab95fcc?s=96&d=mm&r=g\",\"contentUrl\":\"https:\/\/secure.gravatar.com\/avatar\/dc29de102a791b785e2510c61ab95fcc?s=96&d=mm&r=g\",\"caption\":\"Berkay Hakan\"}}]}<\/script>\n<!-- \/ Yoast SEO plugin. -->","yoast_head_json":{"title":"Ev Sat\u0131n Al\u0131rken Kira \u00c7arpan\u0131 Ne Olmal\u0131? | Nevita","description":"Ev al\u0131rken kira \u00e7arpan\u0131 ne olmal\u0131 ve evin de\u011feri ka\u00e7 kat olmal\u0131 \u00f6\u011frenmek i\u00e7in blog sayfam\u0131z\u0131 ziyaret edin.","robots":{"index":"index","follow":"follow","max-snippet":"max-snippet:-1","max-image-preview":"max-image-preview:large","max-video-preview":"max-video-preview:-1"},"canonical":"https:\/\/www.nevitaint.com\/tr\/blog\/ev-satin-alirken-kira-carpani-ne-olmali\/","og_locale":"tr_TR","og_type":"article","og_title":"Ev Sat\u0131n Al\u0131rken Kira \u00c7arpan\u0131 Ne Olmal\u0131? | Nevita","og_description":"Ev al\u0131rken kira \u00e7arpan\u0131 ne olmal\u0131 ve evin de\u011feri ka\u00e7 kat olmal\u0131 \u00f6\u011frenmek i\u00e7in blog sayfam\u0131z\u0131 ziyaret edin.","og_url":"https:\/\/www.nevitaint.com\/tr\/blog\/ev-satin-alirken-kira-carpani-ne-olmali\/","og_site_name":"Nevita","article_published_time":"2023-05-22T12:08:08+00:00","article_modified_time":"2023-05-26T15:26:30+00:00","og_image":[{"width":2048,"height":1365,"url":"https:\/\/www.nevitaint.com\/wp-content\/uploads\/2023\/05\/gross-rent-multiplier.AR_.jpg","type":"image\/jpeg"}],"author":"Berkay Hakan","twitter_card":"summary_large_image","twitter_misc":{"Yazan:":"Berkay Hakan","Tahmini okuma s\u00fcresi":"4 dakika"},"schema":{"@context":"https:\/\/schema.org","@graph":[{"@type":"Article","@id":"https:\/\/www.nevitaint.com\/tr\/blog\/ev-satin-alirken-kira-carpani-ne-olmali\/#article","isPartOf":{"@id":"https:\/\/www.nevitaint.com\/tr\/blog\/ev-satin-alirken-kira-carpani-ne-olmali\/"},"author":{"name":"Berkay Hakan","@id":"https:\/\/www.nevitaint.com\/tr\/#\/schema\/person\/4f8f2c00c3bb872df925b3318d4cb358"},"headline":"Ev Sat\u0131n Al\u0131rken Kira \u00c7arpan\u0131 Ne Olmal\u0131?","datePublished":"2023-05-22T12:08:08+00:00","dateModified":"2023-05-26T15:26:30+00:00","mainEntityOfPage":{"@id":"https:\/\/www.nevitaint.com\/tr\/blog\/ev-satin-alirken-kira-carpani-ne-olmali\/"},"wordCount":792,"commentCount":0,"publisher":{"@id":"https:\/\/www.nevitaint.com\/tr\/#organization"},"articleSection":["Blog","Sat\u0131n Alma Tavsiyesi"],"inLanguage":"tr","potentialAction":[{"@type":"CommentAction","name":"Comment","target":["https:\/\/www.nevitaint.com\/tr\/blog\/ev-satin-alirken-kira-carpani-ne-olmali\/#respond"]}]},{"@type":"WebPage","@id":"https:\/\/www.nevitaint.com\/tr\/blog\/ev-satin-alirken-kira-carpani-ne-olmali\/","url":"https:\/\/www.nevitaint.com\/tr\/blog\/ev-satin-alirken-kira-carpani-ne-olmali\/","name":"Ev Sat\u0131n Al\u0131rken Kira \u00c7arpan\u0131 Ne Olmal\u0131? | Nevita","isPartOf":{"@id":"https:\/\/www.nevitaint.com\/tr\/#website"},"datePublished":"2023-05-22T12:08:08+00:00","dateModified":"2023-05-26T15:26:30+00:00","description":"Ev al\u0131rken kira \u00e7arpan\u0131 ne olmal\u0131 ve evin de\u011feri ka\u00e7 kat olmal\u0131 \u00f6\u011frenmek i\u00e7in blog sayfam\u0131z\u0131 ziyaret edin.","breadcrumb":{"@id":"https:\/\/www.nevitaint.com\/tr\/blog\/ev-satin-alirken-kira-carpani-ne-olmali\/#breadcrumb"},"inLanguage":"tr","potentialAction":[{"@type":"ReadAction","target":["https:\/\/www.nevitaint.com\/tr\/blog\/ev-satin-alirken-kira-carpani-ne-olmali\/"]}]},{"@type":"BreadcrumbList","@id":"https:\/\/www.nevitaint.com\/tr\/blog\/ev-satin-alirken-kira-carpani-ne-olmali\/#breadcrumb","itemListElement":[{"@type":"ListItem","position":1,"name":"Homepage","item":"https:\/\/www.nevitaint.com\/tr\/"},{"@type":"ListItem","position":2,"name":"Blog","item":"https:\/\/www.nevitaint.com\/tr\/blog\/"},{"@type":"ListItem","position":3,"name":"Ev Sat\u0131n Al\u0131rken Kira \u00c7arpan\u0131 Ne Olmal\u0131?"}]},{"@type":"WebSite","@id":"https:\/\/www.nevitaint.com\/tr\/#website","url":"https:\/\/www.nevitaint.com\/tr\/","name":"Nevita","description":"","publisher":{"@id":"https:\/\/www.nevitaint.com\/tr\/#organization"},"potentialAction":[{"@type":"SearchAction","target":{"@type":"EntryPoint","urlTemplate":"https:\/\/www.nevitaint.com\/tr\/?s={search_term_string}"},"query-input":"required name=search_term_string"}],"inLanguage":"tr"},{"@type":"Organization","@id":"https:\/\/www.nevitaint.com\/tr\/#organization","name":"T\u00fcrkiye\u2019de Sat\u0131l\u0131k Gayrimenkul \u0130lanlar\u0131 | Nevita","url":"https:\/\/www.nevitaint.com\/tr\/","logo":{"@type":"ImageObject","inLanguage":"tr","@id":"https:\/\/www.nevitaint.com\/tr\/#\/schema\/logo\/image\/","url":"https:\/\/www.nevitaint.com\/wp-content\/uploads\/2021\/11\/nevita-logo.jpg","contentUrl":"https:\/\/www.nevitaint.com\/wp-content\/uploads\/2021\/11\/nevita-logo.jpg","width":640,"height":200,"caption":"T\u00fcrkiye\u2019de Sat\u0131l\u0131k Gayrimenkul \u0130lanlar\u0131 | Nevita"},"image":{"@id":"https:\/\/www.nevitaint.com\/tr\/#\/schema\/logo\/image\/"}},{"@type":"Person","@id":"https:\/\/www.nevitaint.com\/tr\/#\/schema\/person\/4f8f2c00c3bb872df925b3318d4cb358","name":"Berkay Hakan","image":{"@type":"ImageObject","inLanguage":"tr","@id":"https:\/\/www.nevitaint.com\/tr\/#\/schema\/person\/image\/","url":"https:\/\/secure.gravatar.com\/avatar\/dc29de102a791b785e2510c61ab95fcc?s=96&d=mm&r=g","contentUrl":"https:\/\/secure.gravatar.com\/avatar\/dc29de102a791b785e2510c61ab95fcc?s=96&d=mm&r=g","caption":"Berkay Hakan"}}]}},"_links":{"self":[{"href":"https:\/\/www.nevitaint.com\/tr\/wp-json\/wp\/v2\/posts\/59335"}],"collection":[{"href":"https:\/\/www.nevitaint.com\/tr\/wp-json\/wp\/v2\/posts"}],"about":[{"href":"https:\/\/www.nevitaint.com\/tr\/wp-json\/wp\/v2\/types\/post"}],"author":[{"embeddable":true,"href":"https:\/\/www.nevitaint.com\/tr\/wp-json\/wp\/v2\/users\/19"}],"replies":[{"embeddable":true,"href":"https:\/\/www.nevitaint.com\/tr\/wp-json\/wp\/v2\/comments?post=59335"}],"version-history":[{"count":2,"href":"https:\/\/www.nevitaint.com\/tr\/wp-json\/wp\/v2\/posts\/59335\/revisions"}],"predecessor-version":[{"id":59340,"href":"https:\/\/www.nevitaint.com\/tr\/wp-json\/wp\/v2\/posts\/59335\/revisions\/59340"}],"wp:featuredmedia":[{"embeddable":true,"href":"https:\/\/www.nevitaint.com\/tr\/wp-json\/wp\/v2\/media\/59383"}],"wp:attachment":[{"href":"https:\/\/www.nevitaint.com\/tr\/wp-json\/wp\/v2\/media?parent=59335"}],"wp:term":[{"taxonomy":"category","embeddable":true,"href":"https:\/\/www.nevitaint.com\/tr\/wp-json\/wp\/v2\/categories?post=59335"},{"taxonomy":"post_tag","embeddable":true,"href":"https:\/\/www.nevitaint.com\/tr\/wp-json\/wp\/v2\/tags?post=59335"}],"curies":[{"name":"wp","href":"https:\/\/api.w.org\/{rel}","templated":true}]}}